{"id":11755,"date":"2024-05-14T11:23:10","date_gmt":"2024-05-14T09:23:10","guid":{"rendered":"https:\/\/torresolpiel.com\/nous-exposons-au-salon-du-meuble-yecla-2024\/"},"modified":"2024-05-14T11:23:10","modified_gmt":"2024-05-14T09:23:10","slug":"nous-exposons-au-salon-du-meuble-yecla-2024","status":"publish","type":"post","link":"https:\/\/torresolpiel.com\/fr\/nous-exposons-au-salon-du-meuble-yecla-2024\/","title":{"rendered":"Nous exposons au salon du meuble Yecla 2024"},"content":{"rendered":"[vc_row type=\u00a0\u00bbin_container\u00a0\u00bb full_screen_row_position=\u00a0\u00bbmiddle\u00a0\u00bb column_margin=\u00a0\u00bbdefault\u00a0\u00bb column_direction=\u00a0\u00bbdefault\u00a0\u00bb column_direction_tablet=\u00a0\u00bbdefault\u00a0\u00bb column_direction_phone=\u00a0\u00bbdefault\u00a0\u00bb scene_position=\u00a0\u00bbcenter\u00a0\u00bb text_color=\u00a0\u00bbdark\u00a0\u00bb text_align=\u00a0\u00bbleft\u00a0\u00bb row_border_radius=\u00a0\u00bbnone\u00a0\u00bb row_border_radius_applies=\u00a0\u00bbbg\u00a0\u00bb overlay_strength=\u00a0\u00bb0.3&Prime; gradient_direction=\u00a0\u00bbleft_to_right\u00a0\u00bb shape_divider_position=\u00a0\u00bbbottom\u00a0\u00bb bg_image_animation=\u00a0\u00bbnone\u00a0\u00bb][vc_column column_padding=\u00a0\u00bbno-extra-padding\u00a0\u00bb column_padding_tablet=\u00a0\u00bbinherit\u00a0\u00bb column_padding_phone=\u00a0\u00bbinherit\u00a0\u00bb column_padding_position=\u00a0\u00bball\u00a0\u00bb column_element_spacing=\u00a0\u00bbdefault\u00a0\u00bb background_color_opacity=\u00a0\u00bb1&Prime; background_hover_color_opacity=\u00a0\u00bb1&Prime; column_shadow=\u00a0\u00bbnone\u00a0\u00bb column_border_radius=\u00a0\u00bbnone\u00a0\u00bb column_link_target=\u00a0\u00bb_self\u00a0\u00bb gradient_direction=\u00a0\u00bbleft_to_right\u00a0\u00bb overlay_strength=\u00a0\u00bb0.3&Prime; width=\u00a0\u00bb1\/1&Prime; tablet_width_inherit=\u00a0\u00bbdefault\u00a0\u00bb tablet_text_alignment=\u00a0\u00bbdefault\u00a0\u00bb phone_text_alignment=\u00a0\u00bbdefault\u00a0\u00bb bg_image_animation=\u00a0\u00bbnone\u00a0\u00bb border_type=\u00a0\u00bbsimple\u00a0\u00bb column_border_width=\u00a0\u00bbnone\u00a0\u00bb column_border_style=\u00a0\u00bbsolid\u00a0\u00bb][vc_column_text]<strong>\u00ab\u00a0Torresol sera pr\u00e9sent au salon du meuble de Yecla\u00a0\u00bb.<\/strong><\/p>\n<p>Torresol s&rsquo;engage \u00e0 \u00eatre pr\u00e9sent dans les \u00e9v\u00e9nements nationaux, c&rsquo;est pourquoi nous serons pr\u00e9sents au Salon du meuble de Yecla du 28 au 31 mai.<br \/>\nPour la premi\u00e8re fois, nous participerons \u00e0 cette importante foire, connue de tous pour \u00eatre une r\u00e9f\u00e9rence dans le secteur de l&rsquo;ameublement, et nous sommes donc tr\u00e8s enthousiastes \u00e0 l&rsquo;id\u00e9e d&rsquo;y exposer nos produits.<br \/>\nPendant ces quatre jours, nous pr\u00e9senterons nos mod\u00e8les au public, dans le but de faire conna\u00eetre notre produit, notre service et notre qualit\u00e9.<br \/>\nVous nous trouverez au stand A6, \u00e0 la Plaza del Industrial del Mueble, 1 \u00e0 Yecla.<br \/>\nSi vous souhaitez prendre rendez-vous avec nous ou l&rsquo;un de nos repr\u00e9sentants, n&rsquo;h\u00e9sitez pas \u00e0 nous contacter par courrier \u00e9lectronique :<br \/>\ninfo@torresolpiel.com<br \/>\nLe salon Yecla est sans aucun doute un salon consolid\u00e9, avec une longue histoire qui s&rsquo;enrichit d&rsquo;ann\u00e9e en ann\u00e9e, un salon qui se consacre au style et aux diff\u00e9rentes mani\u00e8res de se rapporter au mobilier. Une vitrine id\u00e9ale pour conna\u00eetre les entreprises et avoir une relation plus \u00e9troite et personnalis\u00e9e avec les clients.<br \/>\nN&rsquo;h\u00e9sitez pas, ce salon est une formidable occasion de rencontrer les entreprises exposantes et de d\u00e9couvrir de pr\u00e8s le secteur de l&rsquo;ameublement, n&rsquo;h\u00e9sitez pas, nous allons \u00e0 Yecla.<br \/>\nEt vous ?[\/vc_column_text][\/vc_column][\/vc_row][vc_row type=\u00a0\u00bbin_container\u00a0\u00bb full_screen_row_position=\u00a0\u00bbmiddle\u00a0\u00bb column_margin=\u00a0\u00bbdefault\u00a0\u00bb column_direction=\u00a0\u00bbdefault\u00a0\u00bb column_direction_tablet=\u00a0\u00bbdefault\u00a0\u00bb column_direction_phone=\u00a0\u00bbdefault\u00a0\u00bb scene_position=\u00a0\u00bbcenter\u00a0\u00bb text_color=\u00a0\u00bbdark\u00a0\u00bb text_align=\u00a0\u00bbleft\u00a0\u00bb row_border_radius=\u00a0\u00bbnone\u00a0\u00bb row_border_radius_applies=\u00a0\u00bbbg\u00a0\u00bb overlay_strength=\u00a0\u00bb0.3&Prime; gradient_direction=\u00a0\u00bbleft_to_right\u00a0\u00bb shape_divider_position=\u00a0\u00bbbottom\u00a0\u00bb bg_image_animation=\u00a0\u00bbnone\u00a0\u00bb][vc_column column_padding=\u00a0\u00bbno-extra-padding\u00a0\u00bb column_padding_tablet=\u00a0\u00bbinherit\u00a0\u00bb column_padding_phone=\u00a0\u00bbinherit\u00a0\u00bb column_padding_position=\u00a0\u00bball\u00a0\u00bb column_element_spacing=\u00a0\u00bbdefault\u00a0\u00bb background_color_opacity=\u00a0\u00bb1&Prime; background_hover_color_opacity=\u00a0\u00bb1&Prime; column_shadow=\u00a0\u00bbnone\u00a0\u00bb column_border_radius=\u00a0\u00bbnone\u00a0\u00bb column_link_target=\u00a0\u00bb_self\u00a0\u00bb gradient_direction=\u00a0\u00bbleft_to_right\u00a0\u00bb overlay_strength=\u00a0\u00bb0.3&Prime; width=\u00a0\u00bb1\/1&Prime; tablet_width_inherit=\u00a0\u00bbdefault\u00a0\u00bb tablet_text_alignment=\u00a0\u00bbdefault\u00a0\u00bb phone_text_alignment=\u00a0\u00bbdefault\u00a0\u00bb bg_image_animation=\u00a0\u00bbnone\u00a0\u00bb border_type=\u00a0\u00bbsimple\u00a0\u00bb column_border_width=\u00a0\u00bbnone\u00a0\u00bb column_border_style=\u00a0\u00bbsolid\u00a0\u00bb][vc_gallery type=\u00a0\u00bbflickity_static_height_style\u00a0\u00bb images=\u00a0\u00bb11751&Prime; flickity_spacing=\u00a0\u00bbdefault\u00a0\u00bb flickity_controls=\u00a0\u00bbpagination\u00a0\u00bb flickity_overflow=\u00a0\u00bbhidden\u00a0\u00bb flickity_wrap_around=\u00a0\u00bbwrap\u00a0\u00bb flickity_box_shadow=\u00a0\u00bbnone\u00a0\u00bb image_loading=\u00a0\u00bbdefault\u00a0\u00bb onclick=\u00a0\u00bblink_no\u00a0\u00bb][\/vc_column][\/vc_row][vc_row type=\u00a0\u00bbin_container\u00a0\u00bb full_screen_row_position=\u00a0\u00bbmiddle\u00a0\u00bb column_margin=\u00a0\u00bbdefault\u00a0\u00bb column_direction=\u00a0\u00bbdefault\u00a0\u00bb column_direction_tablet=\u00a0\u00bbdefault\u00a0\u00bb column_direction_phone=\u00a0\u00bbdefault\u00a0\u00bb scene_position=\u00a0\u00bbcenter\u00a0\u00bb text_color=\u00a0\u00bbdark\u00a0\u00bb text_align=\u00a0\u00bbleft\u00a0\u00bb row_border_radius=\u00a0\u00bbnone\u00a0\u00bb row_border_radius_applies=\u00a0\u00bbbg\u00a0\u00bb overlay_strength=\u00a0\u00bb0.3&Prime; gradient_direction=\u00a0\u00bbleft_to_right\u00a0\u00bb shape_divider_position=\u00a0\u00bbbottom\u00a0\u00bb bg_image_animation=\u00a0\u00bbnone\u00a0\u00bb][vc_column column_padding=\u00a0\u00bbno-extra-padding\u00a0\u00bb column_padding_tablet=\u00a0\u00bbinherit\u00a0\u00bb column_padding_phone=\u00a0\u00bbinherit\u00a0\u00bb column_padding_position=\u00a0\u00bball\u00a0\u00bb column_element_spacing=\u00a0\u00bbdefault\u00a0\u00bb background_color_opacity=\u00a0\u00bb1&Prime; background_hover_color_opacity=\u00a0\u00bb1&Prime; column_shadow=\u00a0\u00bbnone\u00a0\u00bb column_border_radius=\u00a0\u00bbnone\u00a0\u00bb column_link_target=\u00a0\u00bb_self\u00a0\u00bb gradient_direction=\u00a0\u00bbleft_to_right\u00a0\u00bb overlay_strength=\u00a0\u00bb0.3&Prime; width=\u00a0\u00bb1\/1&Prime; tablet_width_inherit=\u00a0\u00bbdefault\u00a0\u00bb tablet_text_alignment=\u00a0\u00bbdefault\u00a0\u00bb phone_text_alignment=\u00a0\u00bbdefault\u00a0\u00bb bg_image_animation=\u00a0\u00bbnone\u00a0\u00bb border_type=\u00a0\u00bbsimple\u00a0\u00bb column_border_width=\u00a0\u00bbnone\u00a0\u00bb column_border_style=\u00a0\u00bbsolid\u00a0\u00bb][\/vc_column][\/vc_row][vc_row type=\u00a0\u00bbin_container\u00a0\u00bb full_screen_row_position=\u00a0\u00bbmiddle\u00a0\u00bb column_margin=\u00a0\u00bbdefault\u00a0\u00bb column_direction=\u00a0\u00bbdefault\u00a0\u00bb column_direction_tablet=\u00a0\u00bbdefault\u00a0\u00bb column_direction_phone=\u00a0\u00bbdefault\u00a0\u00bb scene_position=\u00a0\u00bbcenter\u00a0\u00bb text_color=\u00a0\u00bbdark\u00a0\u00bb text_align=\u00a0\u00bbleft\u00a0\u00bb row_border_radius=\u00a0\u00bbnone\u00a0\u00bb row_border_radius_applies=\u00a0\u00bbbg\u00a0\u00bb overlay_strength=\u00a0\u00bb0.3&Prime; gradient_direction=\u00a0\u00bbleft_to_right\u00a0\u00bb shape_divider_position=\u00a0\u00bbbottom\u00a0\u00bb bg_image_animation=\u00a0\u00bbnone\u00a0\u00bb][vc_column column_padding=\u00a0\u00bbno-extra-padding\u00a0\u00bb column_padding_tablet=\u00a0\u00bbinherit\u00a0\u00bb column_padding_phone=\u00a0\u00bbinherit\u00a0\u00bb column_padding_position=\u00a0\u00bball\u00a0\u00bb column_element_spacing=\u00a0\u00bbdefault\u00a0\u00bb background_color_opacity=\u00a0\u00bb1&Prime; background_hover_color_opacity=\u00a0\u00bb1&Prime; column_shadow=\u00a0\u00bbnone\u00a0\u00bb column_border_radius=\u00a0\u00bbnone\u00a0\u00bb column_link_target=\u00a0\u00bb_self\u00a0\u00bb gradient_direction=\u00a0\u00bbleft_to_right\u00a0\u00bb overlay_strength=\u00a0\u00bb0.3&Prime; width=\u00a0\u00bb1\/1&Prime; tablet_width_inherit=\u00a0\u00bbdefault\u00a0\u00bb tablet_text_alignment=\u00a0\u00bbdefault\u00a0\u00bb phone_text_alignment=\u00a0\u00bbdefault\u00a0\u00bb bg_image_animation=\u00a0\u00bbnone\u00a0\u00bb border_type=\u00a0\u00bbsimple\u00a0\u00bb column_border_width=\u00a0\u00bbnone\u00a0\u00bb column_border_style=\u00a0\u00bbsolid\u00a0\u00bb][\/vc_column][\/vc_row]\n","protected":false},"excerpt":{"rendered":"<p>[vc_row type=\u00a0\u00bbin_container\u00a0\u00bb full_screen_row_position=\u00a0\u00bbmiddle\u00a0\u00bb column_margin=\u00a0\u00bbdefault\u00a0\u00bb column_direction=\u00a0\u00bbdefault\u00a0\u00bb column_direction_tablet=\u00a0\u00bbdefault\u00a0\u00bb column_direction_phone=\u00a0\u00bbdefault\u00a0\u00bb scene_position=\u00a0\u00bbcenter\u00a0\u00bb text_color=\u00a0\u00bbdark\u00a0\u00bb text_align=\u00a0\u00bbleft\u00a0\u00bb row_border_radius=\u00a0\u00bbnone\u00a0\u00bb row_border_radius_applies=\u00a0\u00bbbg\u00a0\u00bb overlay_strength=\u00a0\u00bb0.3&Prime; gradient_direction=\u00a0\u00bbleft_to_right\u00a0\u00bb shape_divider_position=\u00a0\u00bbbottom\u00a0\u00bb bg_image_animation=\u00a0\u00bbnone\u00a0\u00bb][vc_column column_padding=\u00a0\u00bbno-extra-padding\u00a0\u00bb column_padding_tablet=\u00a0\u00bbinherit\u00a0\u00bb column_padding_phone=\u00a0\u00bbinherit\u00a0\u00bb column_padding_position=\u00a0\u00bball\u00a0\u00bb column_element_spacing=\u00a0\u00bbdefault\u00a0\u00bb background_color_opacity=\u00a0\u00bb1&Prime; background_hover_color_opacity=\u00a0\u00bb1&Prime; column_shadow=\u00a0\u00bbnone\u00a0\u00bb column_border_radius=\u00a0\u00bbnone\u00a0\u00bb column_link_target=\u00a0\u00bb_self\u00a0\u00bb gradient_direction=\u00a0\u00bbleft_to_right\u00a0\u00bb overlay_strength=\u00a0\u00bb0.3&Prime; width=\u00a0\u00bb1\/1&Prime; tablet_width_inherit=\u00a0\u00bbdefault\u00a0\u00bb tablet_text_alignment=\u00a0\u00bbdefault\u00a0\u00bb phone_text_alignment=\u00a0\u00bbdefault\u00a0\u00bb bg_image_animation=\u00a0\u00bbnone\u00a0\u00bb border_type=\u00a0\u00bbsimple\u00a0\u00bb column_border_width=\u00a0\u00bbnone\u00a0\u00bb column_border_style=\u00a0\u00bbsolid\u00a0\u00bb][vc_column_text]\u00ab\u00a0Torresol sera pr\u00e9sent au salon&#8230;<\/p>\n","protected":false},"author":2,"featured_media":11749,"comment_status":"closed","ping_status":"closed","sticky":false,"template":"","format":"standard","meta":[],"categories":[351],"tags":[395,396],"yoast_head":"<!-- This site is optimized with the Yoast SEO plugin v17.1 - https:\/\/yoast.com\/wordpress\/plugins\/seo\/ -->\n<title>Nous exposons au salon du meuble Yecla 2024 - Torresol<\/title>\n<meta name=\"description\" content=\"Torresol participe au salon du meuble de Yecla 2024\" \/>\n<meta name=\"robots\" content=\"index, follow, max-snippet:-1, max-image-preview:large, max-video-preview:-1\" \/>\n<link rel=\"canonical\" href=\"https:\/\/torresolpiel.com\/fr\/nous-exposons-au-salon-du-meuble-yecla-2024\/\" \/>\n<meta property=\"og:locale\" content=\"fr_FR\" \/>\n<meta property=\"og:type\" content=\"article\" \/>\n<meta property=\"og:title\" content=\"Nous exposons au salon du meuble Yecla 2024 - Torresol\" \/>\n<meta property=\"og:description\" content=\"Torresol participe au salon du meuble de Yecla 2024\" \/>\n<meta property=\"og:url\" content=\"https:\/\/torresolpiel.com\/fr\/nous-exposons-au-salon-du-meuble-yecla-2024\/\" \/>\n<meta property=\"og:site_name\" content=\"Torresol\" \/>\n<meta property=\"article:published_time\" content=\"2024-05-14T09:23:10+00:00\" \/>\n<meta property=\"og:image\" content=\"https:\/\/torresolpiel.com\/wp-content\/uploads\/2024\/05\/feria-yecla-torresol.jpg\" \/>\n\t<meta property=\"og:image:width\" content=\"1866\" \/>\n\t<meta property=\"og:image:height\" content=\"725\" \/>\n<meta name=\"twitter:card\" content=\"summary_large_image\" \/>\n<meta name=\"twitter:label1\" content=\"\u00c9crit par\" \/>\n\t<meta name=\"twitter:data1\" content=\"Torresol\" \/>\n\t<meta name=\"twitter:label2\" content=\"Dur\u00e9e de lecture est.\" \/>\n\t<meta name=\"twitter:data2\" content=\"4 minutes\" \/>\n<script type=\"application\/ld+json\" class=\"yoast-schema-graph\">{\"@context\":\"https:\/\/schema.org\",\"@graph\":[{\"@type\":\"WebSite\",\"@id\":\"https:\/\/torresolpiel.com\/fr\/#website\",\"url\":\"https:\/\/torresolpiel.com\/fr\/\",\"name\":\"Torresol\",\"description\":\"Maestros del confort\",\"potentialAction\":[{\"@type\":\"SearchAction\",\"target\":{\"@type\":\"EntryPoint\",\"urlTemplate\":\"https:\/\/torresolpiel.com\/fr\/?s={search_term_string}\"},\"query-input\":\"required name=search_term_string\"}],\"inLanguage\":\"fr-FR\"},{\"@type\":\"ImageObject\",\"@id\":\"https:\/\/torresolpiel.com\/fr\/nous-exposons-au-salon-du-meuble-yecla-2024\/#primaryimage\",\"inLanguage\":\"fr-FR\",\"url\":\"https:\/\/torresolpiel.com\/wp-content\/uploads\/2024\/05\/feria-yecla-torresol.jpg\",\"contentUrl\":\"https:\/\/torresolpiel.com\/wp-content\/uploads\/2024\/05\/feria-yecla-torresol.jpg\",\"width\":1866,\"height\":725,\"caption\":\"feria-yecla-torresol\"},{\"@type\":\"WebPage\",\"@id\":\"https:\/\/torresolpiel.com\/fr\/nous-exposons-au-salon-du-meuble-yecla-2024\/#webpage\",\"url\":\"https:\/\/torresolpiel.com\/fr\/nous-exposons-au-salon-du-meuble-yecla-2024\/\",\"name\":\"Nous exposons au salon du meuble Yecla 2024 - Torresol\",\"isPartOf\":{\"@id\":\"https:\/\/torresolpiel.com\/fr\/#website\"},\"primaryImageOfPage\":{\"@id\":\"https:\/\/torresolpiel.com\/fr\/nous-exposons-au-salon-du-meuble-yecla-2024\/#primaryimage\"},\"datePublished\":\"2024-05-14T09:23:10+00:00\",\"dateModified\":\"2024-05-14T09:23:10+00:00\",\"author\":{\"@id\":\"https:\/\/torresolpiel.com\/fr\/#\/schema\/person\/b860f68a0186736a523d3fa6be2ff3a6\"},\"description\":\"Torresol participe au salon du meuble de Yecla 2024\",\"breadcrumb\":{\"@id\":\"https:\/\/torresolpiel.com\/fr\/nous-exposons-au-salon-du-meuble-yecla-2024\/#breadcrumb\"},\"inLanguage\":\"fr-FR\",\"potentialAction\":[{\"@type\":\"ReadAction\",\"target\":[\"https:\/\/torresolpiel.com\/fr\/nous-exposons-au-salon-du-meuble-yecla-2024\/\"]}]},{\"@type\":\"BreadcrumbList\",\"@id\":\"https:\/\/torresolpiel.com\/fr\/nous-exposons-au-salon-du-meuble-yecla-2024\/#breadcrumb\",\"itemListElement\":[{\"@type\":\"ListItem\",\"position\":1,\"name\":\"Portada\",\"item\":\"https:\/\/torresolpiel.com\/fr\/\"},{\"@type\":\"ListItem\",\"position\":2,\"name\":\"Nous exposons au salon du meuble Yecla 2024\"}]},{\"@type\":\"Person\",\"@id\":\"https:\/\/torresolpiel.com\/fr\/#\/schema\/person\/b860f68a0186736a523d3fa6be2ff3a6\",\"name\":\"Torresol\",\"image\":{\"@type\":\"ImageObject\",\"@id\":\"https:\/\/torresolpiel.com\/fr\/#personlogo\",\"inLanguage\":\"fr-FR\",\"url\":\"https:\/\/secure.gravatar.com\/avatar\/a225f632e953215c4117fcb0f685c450?s=96&d=mm&r=g\",\"contentUrl\":\"https:\/\/secure.gravatar.com\/avatar\/a225f632e953215c4117fcb0f685c450?s=96&d=mm&r=g\",\"caption\":\"Torresol\"},\"url\":\"https:\/\/torresolpiel.com\/fr\/author\/torresol\/\"}]}<\/script>\n<!-- \/ Yoast SEO plugin. -->","yoast_head_json":{"title":"Nous exposons au salon du meuble Yecla 2024 - Torresol","description":"Torresol participe au salon du meuble de Yecla 2024","robots":{"index":"index","follow":"follow","max-snippet":"max-snippet:-1","max-image-preview":"max-image-preview:large","max-video-preview":"max-video-preview:-1"},"canonical":"https:\/\/torresolpiel.com\/fr\/nous-exposons-au-salon-du-meuble-yecla-2024\/","og_locale":"fr_FR","og_type":"article","og_title":"Nous exposons au salon du meuble Yecla 2024 - Torresol","og_description":"Torresol participe au salon du meuble de Yecla 2024","og_url":"https:\/\/torresolpiel.com\/fr\/nous-exposons-au-salon-du-meuble-yecla-2024\/","og_site_name":"Torresol","article_published_time":"2024-05-14T09:23:10+00:00","og_image":[{"width":1866,"height":725,"url":"https:\/\/torresolpiel.com\/wp-content\/uploads\/2024\/05\/feria-yecla-torresol.jpg","path":"\/var\/www\/vhosts\/torresolpiel.com\/httpdocs\/wp-content\/uploads\/2024\/05\/feria-yecla-torresol.jpg","size":"full","id":11749,"alt":"feria-yecla-torresol","pixels":1352850,"type":"image\/jpeg"}],"twitter_card":"summary_large_image","twitter_misc":{"\u00c9crit par":"Torresol","Dur\u00e9e de lecture est.":"4 minutes"},"schema":{"@context":"https:\/\/schema.org","@graph":[{"@type":"WebSite","@id":"https:\/\/torresolpiel.com\/fr\/#website","url":"https:\/\/torresolpiel.com\/fr\/","name":"Torresol","description":"Maestros del confort","potentialAction":[{"@type":"SearchAction","target":{"@type":"EntryPoint","urlTemplate":"https:\/\/torresolpiel.com\/fr\/?s={search_term_string}"},"query-input":"required name=search_term_string"}],"inLanguage":"fr-FR"},{"@type":"ImageObject","@id":"https:\/\/torresolpiel.com\/fr\/nous-exposons-au-salon-du-meuble-yecla-2024\/#primaryimage","inLanguage":"fr-FR","url":"https:\/\/torresolpiel.com\/wp-content\/uploads\/2024\/05\/feria-yecla-torresol.jpg","contentUrl":"https:\/\/torresolpiel.com\/wp-content\/uploads\/2024\/05\/feria-yecla-torresol.jpg","width":1866,"height":725,"caption":"feria-yecla-torresol"},{"@type":"WebPage","@id":"https:\/\/torresolpiel.com\/fr\/nous-exposons-au-salon-du-meuble-yecla-2024\/#webpage","url":"https:\/\/torresolpiel.com\/fr\/nous-exposons-au-salon-du-meuble-yecla-2024\/","name":"Nous exposons au salon du meuble Yecla 2024 - Torresol","isPartOf":{"@id":"https:\/\/torresolpiel.com\/fr\/#website"},"primaryImageOfPage":{"@id":"https:\/\/torresolpiel.com\/fr\/nous-exposons-au-salon-du-meuble-yecla-2024\/#primaryimage"},"datePublished":"2024-05-14T09:23:10+00:00","dateModified":"2024-05-14T09:23:10+00:00","author":{"@id":"https:\/\/torresolpiel.com\/fr\/#\/schema\/person\/b860f68a0186736a523d3fa6be2ff3a6"},"description":"Torresol participe au salon du meuble de Yecla 2024","breadcrumb":{"@id":"https:\/\/torresolpiel.com\/fr\/nous-exposons-au-salon-du-meuble-yecla-2024\/#breadcrumb"},"inLanguage":"fr-FR","potentialAction":[{"@type":"ReadAction","target":["https:\/\/torresolpiel.com\/fr\/nous-exposons-au-salon-du-meuble-yecla-2024\/"]}]},{"@type":"BreadcrumbList","@id":"https:\/\/torresolpiel.com\/fr\/nous-exposons-au-salon-du-meuble-yecla-2024\/#breadcrumb","itemListElement":[{"@type":"ListItem","position":1,"name":"Portada","item":"https:\/\/torresolpiel.com\/fr\/"},{"@type":"ListItem","position":2,"name":"Nous exposons au salon du meuble Yecla 2024"}]},{"@type":"Person","@id":"https:\/\/torresolpiel.com\/fr\/#\/schema\/person\/b860f68a0186736a523d3fa6be2ff3a6","name":"Torresol","image":{"@type":"ImageObject","@id":"https:\/\/torresolpiel.com\/fr\/#personlogo","inLanguage":"fr-FR","url":"https:\/\/secure.gravatar.com\/avatar\/a225f632e953215c4117fcb0f685c450?s=96&d=mm&r=g","contentUrl":"https:\/\/secure.gravatar.com\/avatar\/a225f632e953215c4117fcb0f685c450?s=96&d=mm&r=g","caption":"Torresol"},"url":"https:\/\/torresolpiel.com\/fr\/author\/torresol\/"}]}},"_links":{"self":[{"href":"https:\/\/torresolpiel.com\/fr\/wp-json\/wp\/v2\/posts\/11755"}],"collection":[{"href":"https:\/\/torresolpiel.com\/fr\/wp-json\/wp\/v2\/posts"}],"about":[{"href":"https:\/\/torresolpiel.com\/fr\/wp-json\/wp\/v2\/types\/post"}],"author":[{"embeddable":true,"href":"https:\/\/torresolpiel.com\/fr\/wp-json\/wp\/v2\/users\/2"}],"replies":[{"embeddable":true,"href":"https:\/\/torresolpiel.com\/fr\/wp-json\/wp\/v2\/comments?post=11755"}],"version-history":[{"count":0,"href":"https:\/\/torresolpiel.com\/fr\/wp-json\/wp\/v2\/posts\/11755\/revisions"}],"wp:featuredmedia":[{"embeddable":true,"href":"https:\/\/torresolpiel.com\/fr\/wp-json\/wp\/v2\/media\/11749"}],"wp:attachment":[{"href":"https:\/\/torresolpiel.com\/fr\/wp-json\/wp\/v2\/media?parent=11755"}],"wp:term":[{"taxonomy":"category","embeddable":true,"href":"https:\/\/torresolpiel.com\/fr\/wp-json\/wp\/v2\/categories?post=11755"},{"taxonomy":"post_tag","embeddable":true,"href":"https:\/\/torresolpiel.com\/fr\/wp-json\/wp\/v2\/tags?post=11755"}],"curies":[{"name":"wp","href":"https:\/\/api.w.org\/{rel}","templated":true}]}}